{"id":45886,"date":"2021-12-19T20:52:16","date_gmt":"2021-12-19T16:52:16","guid":{"rendered":"https:\/\/blog.dubaicityguide.com\/site\/?p=45886"},"modified":"2021-12-19T20:52:16","modified_gmt":"2021-12-19T16:52:16","slug":"bosnia-and-herzegovina-celebrated-national-day-at-expo-2020-with-cultural-folklores-and-artistic-performances","status":"publish","type":"post","link":"https:\/\/blog.dubaicityguide.com\/site\/bosnia-and-herzegovina-celebrated-national-day-at-expo-2020-with-cultural-folklores-and-artistic-performances\/","title":{"rendered":"Bosnia And Herzegovina Celebrated National Day At Expo 2020 With Cultural Folklores And Artistic Performances"},"content":{"rendered":"<p>Bosnia and Herzegovina at Expo 2020 Dubai celebrated its National Day on 18th December 2021 in the presence of dignitaries and VIPs from the country. The National Day event commenced with a welcome speech by His Excellency Hamad Ahmed Al Rahoumi, First Deputy Speaker of the Federal National Council, and featured engaging cultural folklores and artistic performances that portrayed unique historical and cultural heritage at the world\u2019s greatest show.<\/p>\n<p>For the celebration, the Bosnia and Herzegovina contributed to Expo 2020 Dubai with rich traditional music and dance performances representing the tradition of the country and offering a glimpse to visitors and people in the UAE. The event was attended by Denis Zvizdic, Speaker of the House of Representatives of the Parliamentary Assembly of BiH; Edin Forto, Prime Minister of Sarajevo Canton, Bosnia and Herzegovina; Adnan Delic, Minister of Economy of Sarajevo Canton, Bosnia and Herzegovina.<\/p>\n<p>The celebration featured special cultural folklore performers, including an act by KUD Ba\u0161\u010dar\u0161ija that combined different traditional dances from Bosniak, Croatian, and Serbian culture in period-appropriate costumes, such as Gluho Glamocko dance and Pjesma u tepsiji.<\/p>\n<p>Divanhana, a Bosnian sevdah band performed traditional music from the Balkans. The band made use of different musical directions and arrangements focusing on sevdalinka, which is a traditional genre of folk music native to Bosnia and Herzegovina. The occasion was graced by musicians like Marija Sestic and Dino Sukalo.<\/p>\n<p><img loading=\"lazy\" decoding=\"async\" class=\"aligncenter size-large wp-image-45889\" src=\"https:\/\/blog.dubaicityguide.com\/site\/wp-content\/uploads\/2021\/12\/Bosnia-and-Herzegovina-National-Day-at-Expo-2020-2-1024x768.jpg\" alt=\"\" width=\"750\" height=\"563\" srcset=\"https:\/\/blog.dubaicityguide.com\/site\/wp-content\/uploads\/2021\/12\/Bosnia-and-Herzegovina-National-Day-at-Expo-2020-2-1024x768.jpg 1024w, https:\/\/blog.dubaicityguide.com\/site\/wp-content\/uploads\/2021\/12\/Bosnia-and-Herzegovina-National-Day-at-Expo-2020-2-300x225.jpg 300w, https:\/\/blog.dubaicityguide.com\/site\/wp-content\/uploads\/2021\/12\/Bosnia-and-Herzegovina-National-Day-at-Expo-2020-2-768x576.jpg 768w, https:\/\/blog.dubaicityguide.com\/site\/wp-content\/uploads\/2021\/12\/Bosnia-and-Herzegovina-National-Day-at-Expo-2020-2-732x549.jpg 732w, https:\/\/blog.dubaicityguide.com\/site\/wp-content\/uploads\/2021\/12\/Bosnia-and-Herzegovina-National-Day-at-Expo-2020-2-1140x855.jpg 1140w, https:\/\/blog.dubaicityguide.com\/site\/wp-content\/uploads\/2021\/12\/Bosnia-and-Herzegovina-National-Day-at-Expo-2020-2.jpg 2048w\" sizes=\"auto, (max-width: 750px) 100vw, 750px\" \/> <img loading=\"lazy\" decoding=\"async\" class=\"aligncenter size-large wp-image-45888\" src=\"https:\/\/blog.dubaicityguide.com\/site\/wp-content\/uploads\/2021\/12\/Bosnia-and-Herzegovina-National-Day-at-Expo-2020-3-1024x682.jpg\" alt=\"\" width=\"750\" height=\"500\" srcset=\"https:\/\/blog.dubaicityguide.com\/site\/wp-content\/uploads\/2021\/12\/Bosnia-and-Herzegovina-National-Day-at-Expo-2020-3-1024x682.jpg 1024w, https:\/\/blog.dubaicityguide.com\/site\/wp-content\/uploads\/2021\/12\/Bosnia-and-Herzegovina-National-Day-at-Expo-2020-3-300x200.jpg 300w, https:\/\/blog.dubaicityguide.com\/site\/wp-content\/uploads\/2021\/12\/Bosnia-and-Herzegovina-National-Day-at-Expo-2020-3-768x511.jpg 768w, https:\/\/blog.dubaicityguide.com\/site\/wp-content\/uploads\/2021\/12\/Bosnia-and-Herzegovina-National-Day-at-Expo-2020-3-732x487.jpg 732w, https:\/\/blog.dubaicityguide.com\/site\/wp-content\/uploads\/2021\/12\/Bosnia-and-Herzegovina-National-Day-at-Expo-2020-3-1140x759.jpg 1140w, https:\/\/blog.dubaicityguide.com\/site\/wp-content\/uploads\/2021\/12\/Bosnia-and-Herzegovina-National-Day-at-Expo-2020-3.jpg 2001w\" sizes=\"auto, (max-width: 750px) 100vw, 750px\" \/> <img loading=\"lazy\" decoding=\"async\" class=\"aligncenter size-large wp-image-45887\" src=\"https:\/\/blog.dubaicityguide.com\/site\/wp-content\/uploads\/2021\/12\/Bosnia-and-Herzegovina-National-Day-at-Expo-2020-4-1024x684.jpg\" alt=\"\" width=\"750\" height=\"501\" srcset=\"https:\/\/blog.dubaicityguide.com\/site\/wp-content\/uploads\/2021\/12\/Bosnia-and-Herzegovina-National-Day-at-Expo-2020-4-1024x684.jpg 1024w, https:\/\/blog.dubaicityguide.com\/site\/wp-content\/uploads\/2021\/12\/Bosnia-and-Herzegovina-National-Day-at-Expo-2020-4-300x200.jpg 300w, https:\/\/blog.dubaicityguide.com\/site\/wp-content\/uploads\/2021\/12\/Bosnia-and-Herzegovina-National-Day-at-Expo-2020-4-768x513.jpg 768w, https:\/\/blog.dubaicityguide.com\/site\/wp-content\/uploads\/2021\/12\/Bosnia-and-Herzegovina-National-Day-at-Expo-2020-4-732x489.jpg 732w, https:\/\/blog.dubaicityguide.com\/site\/wp-content\/uploads\/2021\/12\/Bosnia-and-Herzegovina-National-Day-at-Expo-2020-4-1140x762.jpg 1140w, https:\/\/blog.dubaicityguide.com\/site\/wp-content\/uploads\/2021\/12\/Bosnia-and-Herzegovina-National-Day-at-Expo-2020-4.jpg 2000w\" sizes=\"auto, (max-width: 750px) 100vw, 750px\" \/><\/p>\n","protected":false},"excerpt":{"rendered":"<p>Bosnia and Herzegovina at Expo 2020 Dubai celebrated its National Day on 18th December 2021 in the presence of dignitaries and VIPs from the country. The National Day event commenced with a welcome speech by His Excellency Hamad Ahmed Al Rahoumi, First Deputy Speaker of the Federal National Council, and featured engaging cultural folklores and [&hellip;]<\/p>\n","protected":false},"author":1,"featured_media":45890,"comment_status":"open","ping_status":"open","sticky":false,"template":"","format":"standard","meta":{"footnotes":""},"categories":[1],"tags":[],"class_list":["post-45886","post","type-post","status-publish","format-standard","has-post-thumbnail","hentry","category-uncategorized"],"aioseo_notices":[],"_links":{"self":[{"href":"https:\/\/blog.dubaicityguide.com\/site\/wp-json\/wp\/v2\/posts\/45886","targetHints":{"allow":["GET"]}}],"collection":[{"href":"https:\/\/blog.dubaicityguide.com\/site\/wp-json\/wp\/v2\/posts"}],"about":[{"href":"https:\/\/blog.dubaicityguide.com\/site\/wp-json\/wp\/v2\/types\/post"}],"author":[{"embeddable":true,"href":"https:\/\/blog.dubaicityguide.com\/site\/wp-json\/wp\/v2\/users\/1"}],"replies":[{"embeddable":true,"href":"https:\/\/blog.dubaicityguide.com\/site\/wp-json\/wp\/v2\/comments?post=45886"}],"version-history":[{"count":1,"href":"https:\/\/blog.dubaicityguide.com\/site\/wp-json\/wp\/v2\/posts\/45886\/revisions"}],"predecessor-version":[{"id":45891,"href":"https:\/\/blog.dubaicityguide.com\/site\/wp-json\/wp\/v2\/posts\/45886\/revisions\/45891"}],"wp:featuredmedia":[{"embeddable":true,"href":"https:\/\/blog.dubaicityguide.com\/site\/wp-json\/wp\/v2\/media\/45890"}],"wp:attachment":[{"href":"https:\/\/blog.dubaicityguide.com\/site\/wp-json\/wp\/v2\/media?parent=45886"}],"wp:term":[{"taxonomy":"category","embeddable":true,"href":"https:\/\/blog.dubaicityguide.com\/site\/wp-json\/wp\/v2\/categories?post=45886"},{"taxonomy":"post_tag","embeddable":true,"href":"https:\/\/blog.dubaicityguide.com\/site\/wp-json\/wp\/v2\/tags?post=45886"}],"curies":[{"name":"wp","href":"https:\/\/api.w.org\/{rel}","templated":true}]}}